{"id":3063,"date":"2026-08-25T13:08:41","date_gmt":"2026-08-25T13:08:41","guid":{"rendered":"https:\/\/cellermaspolit.com\/?p=3063"},"modified":"2026-08-25T13:08:41","modified_gmt":"2026-08-25T13:08:41","slug":"guia-elegir-vino-do-emporda","status":"publish","type":"post","link":"https:\/\/cellermaspolit.com\/es\/guia-elegir-vino-do-emporda\/","title":{"rendered":"Qu\u00e9 vino DO Empord\u00e0 elegir? Gu\u00eda para descubrir el vino perfecto para cada ocasi\u00f3n"},"content":{"rendered":"<h1>Gu\u00eda definitiva para elegir tu vino DO Empord\u00e0: maridaje, ocasiones y los mejores vinos de Celler Mas P\u00f2lit<\/h1>\n<p>&nbsp;<\/p>\n<p>\u00bfEst\u00e1s buscando el <strong>vino DO Empord\u00e0<\/strong> perfecto para una cena especial, una celebraci\u00f3n o simplemente para disfrutarlo en casa? Con tantas opciones disponibles, elegir el vino adecuado puede ser todo un reto. En <strong>Celler Mas P\u00f2lit<\/strong>, elaboramos <a href=\"https:\/\/cellermaspolit.com\/es\/los-vinos\/\"><strong>vinos ecol\u00f3gicos de la DO Empord\u00e0<\/strong><\/a> que se adaptan a cada ocasi\u00f3n, con la personalidad que solo pueden ofrecer las <strong>vi\u00f1as de monta\u00f1a<\/strong> de la Serra de Rodes y l&#8217;Albera. En esta gu\u00eda, te ayudamos a descubrir qu\u00e9 vino elegir seg\u00fan el momento, la comida y tus preferencias. Porque cada botella de <strong>Mas P\u00f2lit<\/strong> cuenta una historia de <a href=\"https:\/\/cellermaspolit.com\/es\/sostenibilidad-viticultura-ecologica\/\"><strong>viticultura ecol\u00f3gica y sostenible<\/strong><\/a>, y queremos que encuentres la tuya.<\/p>\n<p>&nbsp;<\/p>\n<h2>\u00bfQu\u00e9 hace \u00fanico al vino de la DO Empord\u00e0?<\/h2>\n<p>La <strong>Denominaci\u00f3n de Origen Empord\u00e0<\/strong> es una de las regiones vin\u00edcolas m\u00e1s singulares de Catalu\u00f1a. Situada entre el mar Mediterr\u00e1neo y los Pirineos, sus vinos son el reflejo de un <strong>terreno de pizarra y licorella<\/strong>, la influencia de la <strong>tramontana<\/strong> y unas <strong>vi\u00f1as de monta\u00f1a<\/strong> que crecen en condiciones extremas. Esta combinaci\u00f3n da lugar a vinos con una <strong>mineralidad, estructura y capacidad de envejecimiento<\/strong> excepcionales.<\/p>\n<p>En <strong>Celler Mas P\u00f2lit<\/strong>, somos una <strong>bodega familiar de la DO Empord\u00e0<\/strong> con una historia que se remonta a 1572. Nuestras <strong>8 hect\u00e1reas de vi\u00f1a<\/strong> se cultivan siguiendo los principios de la <strong>viticultura ecol\u00f3gica y artesanal<\/strong>, y nuestra bodega funciona con <strong>energ\u00eda solar<\/strong>, lo que nos convierte en una <strong>bodega con impacto medioambiental reducido<\/strong>. Este compromiso con la <strong>sostenibilidad<\/strong> y la calidad se traduce en vinos <strong>premiados<\/strong> que han recibido reconocimientos como el <strong>Premi Vinari d&#8217;Or<\/strong>.<\/p>\n<p>&nbsp;<\/p>\n<h2>\u00bfC\u00f3mo elegir el vino perfecto para cada ocasi\u00f3n?<\/h2>\n<p>Para ayudarte a decidir, hemos creado una gu\u00eda pr\u00e1ctica que asocia cada uno de nuestros <strong>vinos de la DO Empord\u00e0<\/strong> con un momento y un maridaje ideal.<\/p>\n<p>&nbsp;<\/p>\n<h3>1. Para una celebraci\u00f3n especial: Mas P\u00f2lit 450 &#8211; Edici\u00f3n Hist\u00f3rica<\/h3>\n<p>Si buscas un vino para <strong>celebrar un hito importante<\/strong>, un aniversario o una cena de gala, el <a href=\"https:\/\/cellermaspolit.com\/es\/producto\/mas-polit-450\/\"><strong>Mas P\u00f2lit 450 &#8211; Edici\u00f3n Hist\u00f3rica<\/strong><\/a> es tu elecci\u00f3n. Este <strong>vino de crianza exclusivo<\/strong> conmemora los <strong>450 a\u00f1os de historia<\/strong> de la finca. Es una <strong>edici\u00f3n limitada<\/strong> de tan solo <strong>600 botellas<\/strong>, elaborado con una <strong>crianza de 12 meses en barrica de roble franc\u00e9s<\/strong>.<\/p>\n<ul>\n<li><strong>Variedades:<\/strong> Garnacha negra (60%), Cabernet Sauvignon (25%) y Syrah (15%).<\/li>\n<li><strong>Perfil sensorial:<\/strong> Un vino <strong>fino y elegante<\/strong>, con notas de vainilla, coco, fruta confitada y un <strong>final mineral<\/strong> muy persistente.<\/li>\n<li><strong>Maridaje:<\/strong> Ideal con carnes rojas, cordero, arroces de monta\u00f1a o quesos curados.<\/li>\n<\/ul>\n<p>&nbsp;<\/p>\n<h3>2. Para una cena elegante: Mas P\u00f2lit<\/h3>\n<p>El <a href=\"https:\/\/cellermaspolit.com\/es\/producto\/mas-polit\/\"><strong>Mas P\u00f2lit<\/strong><\/a> es el <strong>vino de crianza<\/strong> m\u00e1s representativo de la bodega. Es un vino que <strong>equilibra la fruta madura, las especias y la elegancia<\/strong>, perfecto para una cena en la que quieras impresionar sin renunciar a la autenticidad. Se elabora con <strong>Garnacha, Cabernet Sauvignon y Syrah<\/strong>, y envejece durante <strong>8 meses en barrica de roble franc\u00e9s<\/strong>.<\/p>\n<ul>\n<li><strong>Perfil sensorial:<\/strong> Notas de <strong>fruta roja madura<\/strong> y especias, con una <strong>estructura<\/strong> y <strong>personalidad<\/strong> que lo convierten en un <strong>vino de crianza con concentraci\u00f3n<\/strong>.<\/li>\n<li><strong>Maridaje:<\/strong> Acompa\u00f1a perfectamente carnes asadas, estofados y platos de cuchara.<\/li>\n<\/ul>\n<p>&nbsp;<\/p>\n<h3>3. Para un maridaje con car\u00e1cter: Clot d&#8217;Illa<\/h3>\n<p>El <a href=\"https:\/\/cellermaspolit.com\/es\/producto\/clot-dilla\/\"><strong>Clot d&#8217;Illa<\/strong><\/a> es un <strong>vino tinto joven ecol\u00f3gico<\/strong> que destaca por su <strong>frescor, fruta y autenticidad<\/strong> de <strong>vi\u00f1as de monta\u00f1a<\/strong>. Con una <strong>crianza de 9 meses en barrica nueva de roble<\/strong>, ofrece un perfil m\u00e1s estructurado que un vino joven al uso.<\/p>\n<ul>\n<li><strong>Variedades:<\/strong> Syrah (80%) y Garnacha (20%).<\/li>\n<li><strong>Perfil sensorial:<\/strong> Color <strong>rojo cereza<\/strong> con reflejos viol\u00e1ceos, aromas de <strong>higos secos y frutos del bosque<\/strong>, con un paso de boca <strong>ligero y f\u00e1cil de beber<\/strong>.<\/li>\n<li><strong>Maridaje:<\/strong> Perfecto para carnes a la brasa, embutidos y platos de caza menor.<\/li>\n<\/ul>\n<p>&nbsp;<\/p>\n<h3>4. Para el d\u00eda a d\u00eda con estilo: Terra Indika<\/h3>\n<p>El <a href=\"https:\/\/cellermaspolit.com\/es\/producto\/terra-indika\/\"><strong>Terra Indika negro<\/strong><\/a> es la <strong>expresi\u00f3n m\u00e1s pura y fresca<\/strong> de nuestra <strong>vi\u00f1a de monta\u00f1a<\/strong>. Un <strong>vino joven<\/strong> que captura la <strong>intensidad, frescor y el car\u00e1cter mineral<\/strong> de los suelos de pizarra. Se elabora sin crianza en barrica, lo que potencia su <strong>fruta y vitalidad<\/strong>.<\/p>\n<ul>\n<li><strong>Variedades:<\/strong> Garnacha negra y Lledoner negre.<\/li>\n<li><strong>Perfil sensorial:<\/strong> Aromas <strong>intensos de fruta roja<\/strong>, con notas de ciruela negra e higo verde. En boca es <strong>fresco, dulce y con buena persistencia<\/strong>.<\/li>\n<li><strong>Maridaje:<\/strong> Ideal para acompa\u00f1ar pastas, arroces, carnes blancas y verduras a la plancha.<\/li>\n<\/ul>\n<p>&nbsp;<\/p>\n<h3>5. Para los amantes del vino rosado: Terra Indika rosado<\/h3>\n<p>El <a href=\"https:\/\/cellermaspolit.com\/es\/producto\/terra-indika-rosat\/\"><strong>Terra Indika rosado<\/strong><\/a> es un <strong>vino joven ecol\u00f3gico<\/strong> que combina la <strong>frescor<\/strong> del mar Mediterr\u00e1neo con la <strong>mineralidad<\/strong> de la monta\u00f1a. Es un vino vers\u00e1til, perfecto para <strong>compartir en cualquier ocasi\u00f3n<\/strong>.<\/p>\n<ul>\n<li><strong>Perfil sensorial:<\/strong> Aromas a <strong>fruta blanca y c\u00edtricos<\/strong>, con un paso de boca <strong>fresco, equilibrado y agradable<\/strong>.<\/li>\n<li><strong>Maridaje:<\/strong> Excelente con pescados, mariscos, ensaladas y arroces.<\/li>\n<\/ul>\n<p>&nbsp;<\/p>\n<h3>6. Para sorprender con un blanco de autor: Clar i Net<\/h3>\n<p><a href=\"https:\/\/cellermaspolit.com\/es\/producto\/clar-i-net\/\"><strong>Clar i Net<\/strong><\/a> es nuestro <strong>\u00fanico vino blanco<\/strong>, un <strong>blanco de negros<\/strong> elaborado con <strong>Garnacha negra<\/strong> que rompe con los esquemas. Es un vino <strong>fresco, equilibrado y con mucha personalidad<\/strong>, que sorprende por su <strong>complejidad y estructura<\/strong>.<\/p>\n<ul>\n<li><strong>Perfil sensorial:<\/strong> Color <strong>amarillo p\u00e1lido<\/strong> con matices rosados. Aromas a <strong>melocot\u00f3n, pi\u00f1a y c\u00edtricos<\/strong> con influencia de la garnacha. En boca es <strong>complejo, fresco y con buen cuerpo<\/strong>.<\/li>\n<li><strong>Maridaje:<\/strong> Perfecto para mariscos, pescados, sushi y platos especiados.<\/li>\n<\/ul>\n<p>&nbsp;<\/p>\n<h3>7. Para un vino de terraza con car\u00e1cter: Racons<\/h3>\n<p><a href=\"https:\/\/cellermaspolit.com\/es\/producto\/racons\/\"><strong>Racons<\/strong><\/a> es un vino que busca la <strong>m\u00e1xima expresi\u00f3n del terru\u00f1o<\/strong>. Es un vino con una <strong>personalidad inconfundible<\/strong>, ideal para esos momentos en los que quieres disfrutar de un vino con car\u00e1cter sin complicaciones.<\/p>\n<p>&nbsp;<\/p>\n<h2>M\u00e1s que vinos: una experiencia sostenible<\/h2>\n<p>Elegir un vino de <strong>Celler Mas P\u00f2lit<\/strong> es apostar por un <strong>vino sostenible de la DO Empord\u00e0<\/strong>. Nuestra <strong>viticultura ecol\u00f3gica<\/strong> y el uso de <strong>energ\u00eda solar<\/strong> en la bodega garantizan un <strong>impacto medioambiental reducido<\/strong>. Adem\u00e1s, nuestras <strong>vi\u00f1as de monta\u00f1a<\/strong>, situadas entre la <strong>Serra de Rodes y l&#8217;Albera<\/strong>, ofrecen un <strong>microclima \u00fanico<\/strong> que se traduce en <strong>uvas concentradas y equilibradas<\/strong>.<\/p>\n<p>Si quieres conocer de primera mano c\u00f3mo elaboramos nuestros vinos, te invitamos a nuestras <a href=\"https:\/\/cellermaspolit.com\/es\/visitas\/\"><strong>visitas enotur\u00edsticas a la bodega<\/strong><\/a>. Descubrir\u00e1s el <strong>paisaje, la tramontana y el car\u00e1cter de la DO Empord\u00e0<\/strong> que se esconden detr\u00e1s de cada botella.<\/p>\n<p>&nbsp;<\/p>\n<h2>Encuentra tu vino perfecto en nuestra tienda online<\/h2>\n<p>Ahora que ya sabes qu\u00e9 vino elegir para cada ocasi\u00f3n, es hora de hacerte con tus favoritos. En nuestra <a href=\"https:\/\/cellermaspolit.com\/es\/los-vinos\/\"><strong>tienda online<\/strong><\/a>, puedes comprar todos nuestros <strong>vinos de la DO Empord\u00e0<\/strong> directamente desde la bodega. Disfruta de la <strong>autenticidad, trazabilidad y calidad<\/strong> que ofrecemos en cada botella.<\/p>\n<p><strong>\u00a1No esperes m\u00e1s y descubre el vino que mejor se adapta a ti! Haz tu pedido ahora y rec\u00edbelo en la puerta de tu casa.<\/strong><\/p>\n<p>&nbsp;<\/p>\n<p><a style=\"display: inline-block; background-color: #8b0000; color: white; padding: 10px 20px; text-decoration: none; font-weight: bold; border-radius: 5px;\" href=\"https:\/\/cellermaspolit.com\/es\/los-vinos\/\">COMPRA AQU\u00cd LOS VINOS DE MAS P\u00d2LIT<\/a><\/p>\n<p>&nbsp;<\/p>\n<h2>Preguntas frecuentes sobre los vinos DO Empord\u00e0<\/h2>\n<p>&nbsp;<\/p>\n<h3>\u00bfQu\u00e9 significa que un vino sea ecol\u00f3gico?<\/h3>\n<p>Un <strong>vino ecol\u00f3gico<\/strong> se elabora sin <strong>pesticidas ni herbicidas qu\u00edmicos<\/strong>, respetando los ciclos naturales de la vi\u00f1a y preservando la <strong>biodiversidad<\/strong> del entorno. En <strong>Celler Mas P\u00f2lit<\/strong>, toda nuestra producci\u00f3n es <strong>ecol\u00f3gica certificada<\/strong>.<\/p>\n<p>&nbsp;<\/p>\n<h3>\u00bfCu\u00e1l es el mejor vino de crianza de Catalu\u00f1a?<\/h3>\n<p>Aunque la elecci\u00f3n es subjetiva, nuestros <strong>vinos de crianza de la DO Empord\u00e0<\/strong>, como el <strong>Mas P\u00f2lit<\/strong> y el <strong>Mas P\u00f2lit 450<\/strong>, son reconocidos por su <strong>concentraci\u00f3n, estructura y elegancia<\/strong>, lo que los convierte en firmes candidatos a ser considerados entre los <strong>mejores vinos de crianza de Catalu\u00f1a<\/strong>.<\/p>\n<p>&nbsp;<\/p>\n<h3>\u00bfPor qu\u00e9 el vino de monta\u00f1a es especial?<\/h3>\n<p>Las <strong>vi\u00f1as de monta\u00f1a<\/strong>, como las nuestras, se benefician de una <strong>maduraci\u00f3n m\u00e1s lenta y equilibrada<\/strong>, lo que da lugar a <strong>uvas con una gran concentraci\u00f3n arom\u00e1tica y acidez natural<\/strong>. Esto se traduce en vinos con <strong>m\u00e1s personalidad y capacidad de envejecimiento<\/strong>.<\/p>\n<p>&nbsp;<\/p>\n<h2>Elige Celler Mas P\u00f2lit<\/h2>\n<p>Elegir el <strong>vino DO Empord\u00e0<\/strong> perfecto no tiene por qu\u00e9 ser complicado. Conociendo las caracter\u00edsticas de cada vino y el momento para el que lo necesitas, siempre puedes acertar. En <strong>Celler Mas P\u00f2lit<\/strong>, ponemos a tu disposici\u00f3n una gama de <strong>vinos ecol\u00f3gicos y sostenibles<\/strong> que reflejan la esencia de nuestro <strong>terru\u00f1o de pizarra<\/strong> y nuestra <strong>viticultura artesanal<\/strong>.<\/p>\n<p>Recuerda que puedes <a href=\"https:\/\/cellermaspolit.com\/es\/los-vinos\/\"><strong>comprar todos nuestros vinos online<\/strong><\/a> y disfrutar de la calidad de la <strong>DO Empord\u00e0<\/strong> en la comodidad de tu hogar. <strong>\u00a1Descubre tu nuevo vino favorito!<\/strong><\/p>\n<p>&nbsp;<\/p>\n<p><em>Visita tambi\u00e9n nuestra p\u00e1gina sobre <a href=\"https:\/\/cellermaspolit.com\/es\/sostenibilidad-viticultura-ecologica\/\"><strong>viticultura ecol\u00f3gica en el Empord\u00e0<\/strong><\/a> para conocer m\u00e1s sobre nuestro compromiso con el medio ambiente.<\/em><\/p>\n","protected":false},"excerpt":{"rendered":"<p>Gu\u00eda definitiva para elegir tu vino DO Empord\u00e0: maridaje, ocasiones y los mejores vinos de Celler Mas P\u00f2lit &nbsp; \u00bfEst\u00e1s buscando el vino DO Empord\u00e0 perfecto para una cena especial, una celebraci\u00f3n o simplemente para disfrutarlo en casa? Con tantas opciones disponibles, elegir el vino&#8230;<\/p>\n","protected":false},"author":1,"featured_media":3056,"comment_status":"closed","ping_status":"open","sticky":false,"template":"","format":"standard","meta":{"footnotes":""},"categories":[37],"tags":[],"class_list":["post-3063","post","type-post","status-publish","format-standard","has-post-thumbnail","hentry","category-noticiasesp"],"yoast_head":"<!-- This site is optimized with the Yoast SEO plugin v28.3 - https:\/\/yoast.com\/product\/yoast-seo-wordpress\/ -->\n<title>C\u00f3mo elegir un vino DO Empord\u00e0 y comprarlo online | Celler Mas P\u00f2lit<\/title>\n<meta name=\"description\" content=\"Descubre c\u00f3mo elegir el vino DO Empord\u00e0 perfecto para cada ocasi\u00f3n y compra online los vinos ecol\u00f3gicos de Celler Mas P\u00f2lit. Elige tu vino y rec\u00edbelo en casa.\" \/>\n<meta name=\"robots\" content=\"index, follow, max-snippet:-1, max-image-preview:large, max-video-preview:-1\" \/>\n<link rel=\"canonical\" href=\"https:\/\/cellermaspolit.com\/es\/guia-elegir-vino-do-emporda\/\" \/>\n<meta property=\"og:locale\" content=\"es_ES\" \/>\n<meta property=\"og:type\" content=\"article\" \/>\n<meta property=\"og:title\" content=\"C\u00f3mo elegir un vino DO Empord\u00e0 y comprarlo online | Celler Mas P\u00f2lit\" \/>\n<meta property=\"og:description\" content=\"Descubre c\u00f3mo elegir el vino DO Empord\u00e0 perfecto para cada ocasi\u00f3n y compra online los vinos ecol\u00f3gicos de Celler Mas P\u00f2lit. Elige tu vino y rec\u00edbelo en casa.\" \/>\n<meta property=\"og:url\" content=\"https:\/\/cellermaspolit.com\/es\/guia-elegir-vino-do-emporda\/\" \/>\n<meta property=\"og:site_name\" content=\"Celler Mas P\u00f2lit | DO Empord\u00e0\" \/>\n<meta property=\"article:published_time\" content=\"2026-08-25T13:08:41+00:00\" \/>\n<meta property=\"og:image\" content=\"http:\/\/cellermaspolit.com\/wp-content\/uploads\/2026\/08\/Celler-Mas-Polit-\u00bfQue-vino-DO-Emporda-elegir-Guia-para-descubrir-el-vino-perfecto-para-cada-ocasion.jpg\" \/>\n\t<meta property=\"og:image:width\" content=\"1600\" \/>\n\t<meta property=\"og:image:height\" content=\"900\" \/>\n\t<meta property=\"og:image:type\" content=\"image\/jpeg\" \/>\n<meta name=\"author\" content=\"admin\" \/>\n<meta name=\"twitter:label1\" content=\"Escrito por\" \/>\n\t<meta name=\"twitter:data1\" content=\"admin\" \/>\n<script type=\"application\/ld+json\" class=\"yoast-schema-graph\">{\"@context\":\"https:\\\/\\\/schema.org\",\"@graph\":[{\"@type\":\"Article\",\"@id\":\"https:\\\/\\\/cellermaspolit.com\\\/es\\\/guia-elegir-vino-do-emporda\\\/#article\",\"isPartOf\":{\"@id\":\"https:\\\/\\\/cellermaspolit.com\\\/es\\\/guia-elegir-vino-do-emporda\\\/\"},\"author\":{\"name\":\"admin\",\"@id\":\"https:\\\/\\\/cellermaspolit.com\\\/es\\\/#\\\/schema\\\/person\\\/4943aa069569004de05b37e9ac21ccdd\"},\"headline\":\"Qu\u00e9 vino DO Empord\u00e0 elegir? Gu\u00eda para descubrir el vino perfecto para cada ocasi\u00f3n\",\"datePublished\":\"2026-08-25T13:08:41+00:00\",\"mainEntityOfPage\":{\"@id\":\"https:\\\/\\\/cellermaspolit.com\\\/es\\\/guia-elegir-vino-do-emporda\\\/\"},\"wordCount\":1507,\"publisher\":{\"@id\":\"https:\\\/\\\/cellermaspolit.com\\\/es\\\/#organization\"},\"image\":{\"@id\":\"https:\\\/\\\/cellermaspolit.com\\\/es\\\/guia-elegir-vino-do-emporda\\\/#primaryimage\"},\"thumbnailUrl\":\"https:\\\/\\\/cellermaspolit.com\\\/wp-content\\\/uploads\\\/2026\\\/08\\\/Celler-Mas-Polit-\u00bfQue-vino-DO-Emporda-elegir-Guia-para-descubrir-el-vino-perfecto-para-cada-ocasion.jpg\",\"articleSection\":[\"NoticiasESP\"],\"inLanguage\":\"es\"},{\"@type\":\"WebPage\",\"@id\":\"https:\\\/\\\/cellermaspolit.com\\\/es\\\/guia-elegir-vino-do-emporda\\\/\",\"url\":\"https:\\\/\\\/cellermaspolit.com\\\/es\\\/guia-elegir-vino-do-emporda\\\/\",\"name\":\"C\u00f3mo elegir un vino DO Empord\u00e0 y comprarlo online | Celler Mas P\u00f2lit\",\"isPartOf\":{\"@id\":\"https:\\\/\\\/cellermaspolit.com\\\/es\\\/#website\"},\"primaryImageOfPage\":{\"@id\":\"https:\\\/\\\/cellermaspolit.com\\\/es\\\/guia-elegir-vino-do-emporda\\\/#primaryimage\"},\"image\":{\"@id\":\"https:\\\/\\\/cellermaspolit.com\\\/es\\\/guia-elegir-vino-do-emporda\\\/#primaryimage\"},\"thumbnailUrl\":\"https:\\\/\\\/cellermaspolit.com\\\/wp-content\\\/uploads\\\/2026\\\/08\\\/Celler-Mas-Polit-\u00bfQue-vino-DO-Emporda-elegir-Guia-para-descubrir-el-vino-perfecto-para-cada-ocasion.jpg\",\"datePublished\":\"2026-08-25T13:08:41+00:00\",\"description\":\"Descubre c\u00f3mo elegir el vino DO Empord\u00e0 perfecto para cada ocasi\u00f3n y compra online los vinos ecol\u00f3gicos de Celler Mas P\u00f2lit. Elige tu vino y rec\u00edbelo en casa.\",\"breadcrumb\":{\"@id\":\"https:\\\/\\\/cellermaspolit.com\\\/es\\\/guia-elegir-vino-do-emporda\\\/#breadcrumb\"},\"inLanguage\":\"es\",\"potentialAction\":[{\"@type\":\"ReadAction\",\"target\":[\"https:\\\/\\\/cellermaspolit.com\\\/es\\\/guia-elegir-vino-do-emporda\\\/\"]}]},{\"@type\":\"ImageObject\",\"inLanguage\":\"es\",\"@id\":\"https:\\\/\\\/cellermaspolit.com\\\/es\\\/guia-elegir-vino-do-emporda\\\/#primaryimage\",\"url\":\"https:\\\/\\\/cellermaspolit.com\\\/wp-content\\\/uploads\\\/2026\\\/08\\\/Celler-Mas-Polit-\u00bfQue-vino-DO-Emporda-elegir-Guia-para-descubrir-el-vino-perfecto-para-cada-ocasion.jpg\",\"contentUrl\":\"https:\\\/\\\/cellermaspolit.com\\\/wp-content\\\/uploads\\\/2026\\\/08\\\/Celler-Mas-Polit-\u00bfQue-vino-DO-Emporda-elegir-Guia-para-descubrir-el-vino-perfecto-para-cada-ocasion.jpg\",\"width\":1600,\"height\":900},{\"@type\":\"BreadcrumbList\",\"@id\":\"https:\\\/\\\/cellermaspolit.com\\\/es\\\/guia-elegir-vino-do-emporda\\\/#breadcrumb\",\"itemListElement\":[{\"@type\":\"ListItem\",\"position\":1,\"name\":\"Inici\",\"item\":\"https:\\\/\\\/cellermaspolit.com\\\/es\\\/\"},{\"@type\":\"ListItem\",\"position\":2,\"name\":\"Qu\u00e9 vino DO Empord\u00e0 elegir? Gu\u00eda para descubrir el vino perfecto para cada ocasi\u00f3n\"}]},{\"@type\":\"WebSite\",\"@id\":\"https:\\\/\\\/cellermaspolit.com\\\/es\\\/#website\",\"url\":\"https:\\\/\\\/cellermaspolit.com\\\/es\\\/\",\"name\":\"Celler Mas P\u00f2lit\",\"description\":\"DO Empord\u00e0. Vi ecol\u00f2gic. Premis al millor vi de crian\u00e7a de Catalunya i al millor vi de la D.O. Empord\u00e0\",\"publisher\":{\"@id\":\"https:\\\/\\\/cellermaspolit.com\\\/es\\\/#organization\"},\"potentialAction\":[{\"@type\":\"SearchAction\",\"target\":{\"@type\":\"EntryPoint\",\"urlTemplate\":\"https:\\\/\\\/cellermaspolit.com\\\/es\\\/?s={search_term_string}\"},\"query-input\":{\"@type\":\"PropertyValueSpecification\",\"valueRequired\":true,\"valueName\":\"search_term_string\"}}],\"inLanguage\":\"es\"},{\"@type\":\"Organization\",\"@id\":\"https:\\\/\\\/cellermaspolit.com\\\/es\\\/#organization\",\"name\":\"Celler Mas P\u00f2lit\",\"url\":\"https:\\\/\\\/cellermaspolit.com\\\/es\\\/\",\"logo\":{\"@type\":\"ImageObject\",\"inLanguage\":\"es\",\"@id\":\"https:\\\/\\\/cellermaspolit.com\\\/es\\\/#\\\/schema\\\/logo\\\/image\\\/\",\"url\":\"http:\\\/\\\/cellermaspolit.com\\\/wp-content\\\/uploads\\\/2021\\\/12\\\/Logo-provisional.jpg\",\"contentUrl\":\"http:\\\/\\\/cellermaspolit.com\\\/wp-content\\\/uploads\\\/2021\\\/12\\\/Logo-provisional.jpg\",\"width\":400,\"height\":103,\"caption\":\"Celler Mas P\u00f2lit\"},\"image\":{\"@id\":\"https:\\\/\\\/cellermaspolit.com\\\/es\\\/#\\\/schema\\\/logo\\\/image\\\/\"},\"sameAs\":[\"https:\\\/\\\/www.instagram.com\\\/cellermaspolit\"]},{\"@type\":\"Person\",\"@id\":\"https:\\\/\\\/cellermaspolit.com\\\/es\\\/#\\\/schema\\\/person\\\/4943aa069569004de05b37e9ac21ccdd\",\"name\":\"admin\",\"image\":{\"@type\":\"ImageObject\",\"inLanguage\":\"es\",\"@id\":\"https:\\\/\\\/secure.gravatar.com\\\/avatar\\\/4dcc19b9d4165cdf7d35cf155e6d97b0f6adcaa8f660ea477e1384881e6d42b4?s=96&d=mm&r=g\",\"url\":\"https:\\\/\\\/secure.gravatar.com\\\/avatar\\\/4dcc19b9d4165cdf7d35cf155e6d97b0f6adcaa8f660ea477e1384881e6d42b4?s=96&d=mm&r=g\",\"contentUrl\":\"https:\\\/\\\/secure.gravatar.com\\\/avatar\\\/4dcc19b9d4165cdf7d35cf155e6d97b0f6adcaa8f660ea477e1384881e6d42b4?s=96&d=mm&r=g\",\"caption\":\"admin\"},\"url\":\"https:\\\/\\\/cellermaspolit.com\\\/es\\\/author\\\/admin\\\/\"}]}<\/script>\n<!-- \/ Yoast SEO plugin. -->","yoast_head_json":{"title":"C\u00f3mo elegir un vino DO Empord\u00e0 y comprarlo online | Celler Mas P\u00f2lit","description":"Descubre c\u00f3mo elegir el vino DO Empord\u00e0 perfecto para cada ocasi\u00f3n y compra online los vinos ecol\u00f3gicos de Celler Mas P\u00f2lit. Elige tu vino y rec\u00edbelo en casa.","robots":{"index":"index","follow":"follow","max-snippet":"max-snippet:-1","max-image-preview":"max-image-preview:large","max-video-preview":"max-video-preview:-1"},"canonical":"https:\/\/cellermaspolit.com\/es\/guia-elegir-vino-do-emporda\/","og_locale":"es_ES","og_type":"article","og_title":"C\u00f3mo elegir un vino DO Empord\u00e0 y comprarlo online | Celler Mas P\u00f2lit","og_description":"Descubre c\u00f3mo elegir el vino DO Empord\u00e0 perfecto para cada ocasi\u00f3n y compra online los vinos ecol\u00f3gicos de Celler Mas P\u00f2lit. Elige tu vino y rec\u00edbelo en casa.","og_url":"https:\/\/cellermaspolit.com\/es\/guia-elegir-vino-do-emporda\/","og_site_name":"Celler Mas P\u00f2lit | DO Empord\u00e0","article_published_time":"2026-08-25T13:08:41+00:00","og_image":[{"width":1600,"height":900,"url":"http:\/\/cellermaspolit.com\/wp-content\/uploads\/2026\/08\/Celler-Mas-Polit-\u00bfQue-vino-DO-Emporda-elegir-Guia-para-descubrir-el-vino-perfecto-para-cada-ocasion.jpg","type":"image\/jpeg"}],"author":"admin","twitter_misc":{"Escrito por":"admin"},"schema":{"@context":"https:\/\/schema.org","@graph":[{"@type":"Article","@id":"https:\/\/cellermaspolit.com\/es\/guia-elegir-vino-do-emporda\/#article","isPartOf":{"@id":"https:\/\/cellermaspolit.com\/es\/guia-elegir-vino-do-emporda\/"},"author":{"name":"admin","@id":"https:\/\/cellermaspolit.com\/es\/#\/schema\/person\/4943aa069569004de05b37e9ac21ccdd"},"headline":"Qu\u00e9 vino DO Empord\u00e0 elegir? Gu\u00eda para descubrir el vino perfecto para cada ocasi\u00f3n","datePublished":"2026-08-25T13:08:41+00:00","mainEntityOfPage":{"@id":"https:\/\/cellermaspolit.com\/es\/guia-elegir-vino-do-emporda\/"},"wordCount":1507,"publisher":{"@id":"https:\/\/cellermaspolit.com\/es\/#organization"},"image":{"@id":"https:\/\/cellermaspolit.com\/es\/guia-elegir-vino-do-emporda\/#primaryimage"},"thumbnailUrl":"https:\/\/cellermaspolit.com\/wp-content\/uploads\/2026\/08\/Celler-Mas-Polit-\u00bfQue-vino-DO-Emporda-elegir-Guia-para-descubrir-el-vino-perfecto-para-cada-ocasion.jpg","articleSection":["NoticiasESP"],"inLanguage":"es"},{"@type":"WebPage","@id":"https:\/\/cellermaspolit.com\/es\/guia-elegir-vino-do-emporda\/","url":"https:\/\/cellermaspolit.com\/es\/guia-elegir-vino-do-emporda\/","name":"C\u00f3mo elegir un vino DO Empord\u00e0 y comprarlo online | Celler Mas P\u00f2lit","isPartOf":{"@id":"https:\/\/cellermaspolit.com\/es\/#website"},"primaryImageOfPage":{"@id":"https:\/\/cellermaspolit.com\/es\/guia-elegir-vino-do-emporda\/#primaryimage"},"image":{"@id":"https:\/\/cellermaspolit.com\/es\/guia-elegir-vino-do-emporda\/#primaryimage"},"thumbnailUrl":"https:\/\/cellermaspolit.com\/wp-content\/uploads\/2026\/08\/Celler-Mas-Polit-\u00bfQue-vino-DO-Emporda-elegir-Guia-para-descubrir-el-vino-perfecto-para-cada-ocasion.jpg","datePublished":"2026-08-25T13:08:41+00:00","description":"Descubre c\u00f3mo elegir el vino DO Empord\u00e0 perfecto para cada ocasi\u00f3n y compra online los vinos ecol\u00f3gicos de Celler Mas P\u00f2lit. Elige tu vino y rec\u00edbelo en casa.","breadcrumb":{"@id":"https:\/\/cellermaspolit.com\/es\/guia-elegir-vino-do-emporda\/#breadcrumb"},"inLanguage":"es","potentialAction":[{"@type":"ReadAction","target":["https:\/\/cellermaspolit.com\/es\/guia-elegir-vino-do-emporda\/"]}]},{"@type":"ImageObject","inLanguage":"es","@id":"https:\/\/cellermaspolit.com\/es\/guia-elegir-vino-do-emporda\/#primaryimage","url":"https:\/\/cellermaspolit.com\/wp-content\/uploads\/2026\/08\/Celler-Mas-Polit-\u00bfQue-vino-DO-Emporda-elegir-Guia-para-descubrir-el-vino-perfecto-para-cada-ocasion.jpg","contentUrl":"https:\/\/cellermaspolit.com\/wp-content\/uploads\/2026\/08\/Celler-Mas-Polit-\u00bfQue-vino-DO-Emporda-elegir-Guia-para-descubrir-el-vino-perfecto-para-cada-ocasion.jpg","width":1600,"height":900},{"@type":"BreadcrumbList","@id":"https:\/\/cellermaspolit.com\/es\/guia-elegir-vino-do-emporda\/#breadcrumb","itemListElement":[{"@type":"ListItem","position":1,"name":"Inici","item":"https:\/\/cellermaspolit.com\/es\/"},{"@type":"ListItem","position":2,"name":"Qu\u00e9 vino DO Empord\u00e0 elegir? Gu\u00eda para descubrir el vino perfecto para cada ocasi\u00f3n"}]},{"@type":"WebSite","@id":"https:\/\/cellermaspolit.com\/es\/#website","url":"https:\/\/cellermaspolit.com\/es\/","name":"Celler Mas P\u00f2lit","description":"DO Empord\u00e0. Vi ecol\u00f2gic. Premis al millor vi de crian\u00e7a de Catalunya i al millor vi de la D.O. Empord\u00e0","publisher":{"@id":"https:\/\/cellermaspolit.com\/es\/#organization"},"potentialAction":[{"@type":"SearchAction","target":{"@type":"EntryPoint","urlTemplate":"https:\/\/cellermaspolit.com\/es\/?s={search_term_string}"},"query-input":{"@type":"PropertyValueSpecification","valueRequired":true,"valueName":"search_term_string"}}],"inLanguage":"es"},{"@type":"Organization","@id":"https:\/\/cellermaspolit.com\/es\/#organization","name":"Celler Mas P\u00f2lit","url":"https:\/\/cellermaspolit.com\/es\/","logo":{"@type":"ImageObject","inLanguage":"es","@id":"https:\/\/cellermaspolit.com\/es\/#\/schema\/logo\/image\/","url":"http:\/\/cellermaspolit.com\/wp-content\/uploads\/2021\/12\/Logo-provisional.jpg","contentUrl":"http:\/\/cellermaspolit.com\/wp-content\/uploads\/2021\/12\/Logo-provisional.jpg","width":400,"height":103,"caption":"Celler Mas P\u00f2lit"},"image":{"@id":"https:\/\/cellermaspolit.com\/es\/#\/schema\/logo\/image\/"},"sameAs":["https:\/\/www.instagram.com\/cellermaspolit"]},{"@type":"Person","@id":"https:\/\/cellermaspolit.com\/es\/#\/schema\/person\/4943aa069569004de05b37e9ac21ccdd","name":"admin","image":{"@type":"ImageObject","inLanguage":"es","@id":"https:\/\/secure.gravatar.com\/avatar\/4dcc19b9d4165cdf7d35cf155e6d97b0f6adcaa8f660ea477e1384881e6d42b4?s=96&d=mm&r=g","url":"https:\/\/secure.gravatar.com\/avatar\/4dcc19b9d4165cdf7d35cf155e6d97b0f6adcaa8f660ea477e1384881e6d42b4?s=96&d=mm&r=g","contentUrl":"https:\/\/secure.gravatar.com\/avatar\/4dcc19b9d4165cdf7d35cf155e6d97b0f6adcaa8f660ea477e1384881e6d42b4?s=96&d=mm&r=g","caption":"admin"},"url":"https:\/\/cellermaspolit.com\/es\/author\/admin\/"}]}},"_links":{"self":[{"href":"https:\/\/cellermaspolit.com\/es\/wp-json\/wp\/v2\/posts\/3063","targetHints":{"allow":["GET"]}}],"collection":[{"href":"https:\/\/cellermaspolit.com\/es\/wp-json\/wp\/v2\/posts"}],"about":[{"href":"https:\/\/cellermaspolit.com\/es\/wp-json\/wp\/v2\/types\/post"}],"author":[{"embeddable":true,"href":"https:\/\/cellermaspolit.com\/es\/wp-json\/wp\/v2\/users\/1"}],"replies":[{"embeddable":true,"href":"https:\/\/cellermaspolit.com\/es\/wp-json\/wp\/v2\/comments?post=3063"}],"version-history":[{"count":0,"href":"https:\/\/cellermaspolit.com\/es\/wp-json\/wp\/v2\/posts\/3063\/revisions"}],"wp:featuredmedia":[{"embeddable":true,"href":"https:\/\/cellermaspolit.com\/es\/wp-json\/wp\/v2\/media\/3056"}],"wp:attachment":[{"href":"https:\/\/cellermaspolit.com\/es\/wp-json\/wp\/v2\/media?parent=3063"}],"wp:term":[{"taxonomy":"category","embeddable":true,"href":"https:\/\/cellermaspolit.com\/es\/wp-json\/wp\/v2\/categories?post=3063"},{"taxonomy":"post_tag","embeddable":true,"href":"https:\/\/cellermaspolit.com\/es\/wp-json\/wp\/v2\/tags?post=3063"}],"curies":[{"name":"wp","href":"https:\/\/api.w.org\/{rel}","templated":true}]}}